{"id":1476,"date":"2016-03-25T09:03:41","date_gmt":"2016-03-25T09:03:41","guid":{"rendered":"http:\/\/fanfarenzug-rielasingen-arlen.de\/wordpress\/?p=1476"},"modified":"2016-04-03T08:10:18","modified_gmt":"2016-04-03T06:10:18","slug":"tattoo-2016-ffw-singen-150-jahre","status":"publish","type":"post","link":"https:\/\/www.fanfarenzug-rielasingen-arlen.de\/wordpress\/tattoo-2016-ffw-singen-150-jahre\/","title":{"rendered":"Tattoo 2016 \/ FFW Singen 150 Jahre"},"content":{"rendered":"<p>Als ein Saisonhighlight von vielen, wird der Fanfarenzug Rielasingen-Arlen im Juni am 1. Singener Tattoo 2016 \/ FFW Singen 150 Jahre teilnehmen. Nat\u00fcrlich ist hier eine gewisse Vorbereitung notwendig. Die Vorbereitungen hierzu haben bereits zum Jahreswechsel begonnen. Nicht nur das es Ehrensache ist &#8222;unsere Feuerwehr&#8220; zu unterst\u00fctzen, nat\u00fcrlich ist es auch mal etwas anderes.<\/p>\n<p>Nachdem man uns gefragt hatte, waren wir nat\u00fcrlich gleich Feuer und Flamme&#8230;.wie immer halt.<\/p>\n<p>Zusammen mit weiteren Fanfarenz\u00fcgen aus dem Hegau und einer Vielzahl von Pipern, Blasmusiken und und und, wird das bestimmt ein au\u00dfergew\u00f6hnliches Ereignis.<\/p>\n<p>Jetzt hei\u00dft es aber erst mal Proben&#8230;..<\/p>\n<p>Hier mal die teilnehmenden Gruppen:<\/p>\n<ul>\n<li>Musikcorps der Feuerwehr Gro\u00dfen-Linden<\/li>\n<li>The Hohenlohe Highlanders<\/li>\n<li>Highland Pipes and Drums Bad Waldsee<\/li>\n<li>Fanfarenzug Nusplingen 1979 e.V.<\/li>\n<li>Caverhill Guardians Pipes and Drums<\/li>\n<li>Count Zeppelin Highland Pipes and Drums<\/li>\n<li>1st Revolution Pipes &amp; Drums<\/li>\n<li>Fanfarenzug Poppele Zunft Singen<\/li>\n<li>Heuberg -Dragons Pipes and Drums<\/li>\n<li>Fanfarenzug Rielasingen-Arlen 1962 e.V.<\/li>\n<li>Fanfarenzug Castallaner Riedheim<\/li>\n<li>Kochen Clan Pipe Band<\/li>\n<li>The Royal-Sulgmer Crown-Swamp-Pipers<\/li>\n<li>Pipes of Konstanz<\/li>\n<li>Drum Line der Musikschule Stadt Singen<\/li>\n<li>Ehingen Donau Pipe Band<\/li>\n<li>Fanfarenzug Engen<\/li>\n<li>Dalhousie Pipeband Schweiz<\/li>\n<li>Fanfarenzug Aach<\/li>\n<li>Glen Regnitz Pipe Band<\/li>\n<li>St\u00e4dtisches Blasorchester der Stadt Singen<\/li>\n<li>St.Patricks&#8217;s School of Irish Dancing<\/li>\n<\/ul>\n<p>Weitere Infos unter <a href=\"http:\/\/www.2016.feuerwehr-singen.de\/veranstaltungen\/1-singener-tattoo-18-juni.html\">1. Singener Tattoo \/ 150 Jahre FFW Singen (leider ausverkauft)<\/a><\/p>\n","protected":false},"excerpt":{"rendered":"<p>Als ein Saisonhighlight von vielen, wird der Fanfarenzug Rielasingen-Arlen im Juni am 1. Singener Tattoo 2016 \/ FFW Singen 150 Jahre teilnehmen. Nat\u00fcrlich ist hier eine gewisse Vorbereitung notwendig. Die <a href=\"https:\/\/www.fanfarenzug-rielasingen-arlen.de\/wordpress\/tattoo-2016-ffw-singen-150-jahre\/\" class=\"more-link\">[&hellip;]<\/a><\/p>\n","protected":false},"author":2,"featured_media":1968,"comment_status":"closed","ping_status":"closed","sticky":false,"template":"","format":"standard","meta":{"_crdt_document":"","ngg_post_thumbnail":0,"Layout":"","footnotes":""},"categories":[6],"tags":[16,13,19,17,21,14,18,23,15,22,11,20],"class_list":["entry","author-tambour","post-1476","post","type-post","status-publish","format-standard","has-post-thumbnail","category-aktuelles-zum-fanfarenzug","tag-150-jahre","tag-13","tag-arlen","tag-fanfarenzug","tag-feuerwehr","tag-ffw","tag-rielasingen","tag-rielasingen-worblingen","tag-singen","tag-singen-htw","tag-tattoo","tag-worblingen"],"_links":{"self":[{"href":"https:\/\/www.fanfarenzug-rielasingen-arlen.de\/wordpress\/wp-json\/wp\/v2\/posts\/1476","targetHints":{"allow":["GET"]}}],"collection":[{"href":"https:\/\/www.fanfarenzug-rielasingen-arlen.de\/wordpress\/wp-json\/wp\/v2\/posts"}],"about":[{"href":"https:\/\/www.fanfarenzug-rielasingen-arlen.de\/wordpress\/wp-json\/wp\/v2\/types\/post"}],"author":[{"embeddable":true,"href":"https:\/\/www.fanfarenzug-rielasingen-arlen.de\/wordpress\/wp-json\/wp\/v2\/users\/2"}],"replies":[{"embeddable":true,"href":"https:\/\/www.fanfarenzug-rielasingen-arlen.de\/wordpress\/wp-json\/wp\/v2\/comments?post=1476"}],"version-history":[{"count":8,"href":"https:\/\/www.fanfarenzug-rielasingen-arlen.de\/wordpress\/wp-json\/wp\/v2\/posts\/1476\/revisions"}],"predecessor-version":[{"id":1989,"href":"https:\/\/www.fanfarenzug-rielasingen-arlen.de\/wordpress\/wp-json\/wp\/v2\/posts\/1476\/revisions\/1989"}],"wp:featuredmedia":[{"embeddable":true,"href":"https:\/\/www.fanfarenzug-rielasingen-arlen.de\/wordpress\/wp-json\/wp\/v2\/media\/1968"}],"wp:attachment":[{"href":"https:\/\/www.fanfarenzug-rielasingen-arlen.de\/wordpress\/wp-json\/wp\/v2\/media?parent=1476"}],"wp:term":[{"taxonomy":"category","embeddable":true,"href":"https:\/\/www.fanfarenzug-rielasingen-arlen.de\/wordpress\/wp-json\/wp\/v2\/categories?post=1476"},{"taxonomy":"post_tag","embeddable":true,"href":"https:\/\/www.fanfarenzug-rielasingen-arlen.de\/wordpress\/wp-json\/wp\/v2\/tags?post=1476"}],"curies":[{"name":"wp","href":"https:\/\/api.w.org\/{rel}","templated":true}]}}