{"id":2044,"date":"2016-04-23T14:27:43","date_gmt":"2016-04-23T12:27:43","guid":{"rendered":"http:\/\/fanfarenzug-rielasingen-arlen.de\/wordpress\/?p=2044"},"modified":"2016-05-03T05:29:34","modified_gmt":"2016-05-03T03:29:34","slug":"fz-rielasingen-arlen-neue-uniform-offiziell-vorgestellt","status":"publish","type":"post","link":"https:\/\/www.fanfarenzug-rielasingen-arlen.de\/wordpress\/fz-rielasingen-arlen-neue-uniform-offiziell-vorgestellt\/","title":{"rendered":"FZ Rielasingen-Arlen&#8230;.neue Uniform offiziell vorgestellt&#8230;.."},"content":{"rendered":"<p style=\"text-align: justify;\"><a href=\"https:\/\/www.fanfarenzug-rielasingen-arlen.de\/wordpress\/wp-content\/uploads\/2016\/04\/DSC03231-X-2.jpg\"><img loading=\"lazy\" decoding=\"async\" class=\"size-medium wp-image-2073 alignleft\" src=\"https:\/\/www.fanfarenzug-rielasingen-arlen.de\/wordpress\/wp-content\/uploads\/2016\/04\/DSC03231-X-2-300x169.jpg\" alt=\"DSC03231-X (2)\" width=\"300\" height=\"169\" srcset=\"https:\/\/www.fanfarenzug-rielasingen-arlen.de\/wordpress\/wp-content\/uploads\/2016\/04\/DSC03231-X-2-300x169.jpg 300w, https:\/\/www.fanfarenzug-rielasingen-arlen.de\/wordpress\/wp-content\/uploads\/2016\/04\/DSC03231-X-2-768x432.jpg 768w, https:\/\/www.fanfarenzug-rielasingen-arlen.de\/wordpress\/wp-content\/uploads\/2016\/04\/DSC03231-X-2.jpg 800w\" sizes=\"auto, (max-width: 300px) 100vw, 300px\" \/><\/a>Am Samstag, 23.04.2016 war es nun soweit. Die neue Uniform des Fanfarenzuges Rielasingen-Arlen konnte am Rathaus in Rielasingen-Worblingen offiziell vorgestellt werden. Neben dem B\u00fcrgermeister Ralf Baumert konnten neben dem Hauptsponsor, <a href=\"https:\/\/www.sparkasse-singen-radolfzell.de\/module\/ihre_sparkasse\/ihre_sparkasse_vor_ort\/details\/index.php?n=%2Fmodule%2Fihre_sparkasse%2Fihre_sparkasse_vor_ort%2Fdetails%2F\" target=\"_blank\">der Sparkasse Hegau-Bodensee<\/a>, vertreten durch den Vorstandsvorsitzenden Udo Klopfer, noch weitere G\u00f6nner des Vereines u.a. Christian u. Manfred Klett (<a href=\"http:\/\/www.sanitaer-klett.de\/\" target=\"_blank\">Manfred Klett GmbH<\/a>) und Peter Dreide (<a href=\"http:\/\/www.tbfglobal.com\/team\/\" target=\"_blank\">CIO der TBF Global Asset Management GmbH<\/a>) begr\u00fc\u00dft werden. Nach ein paar warmen Worten aller Beteiligten, gaben Vorstand u. Tambour dann den Startschuss. Nach Gruppenbild u. erstem Marsch in neuer Uniform stand man noch lange beisammen und fachsimpelte \u00fcber das eine oder andere Detail&#8230;insbesondere \u00fcber die Anstrengungen bis die seit ca. einem Jahr geplante Uniform endlich getragen werden konnte. Neben dem Finanziellen Kraftakt waren n\u00e4mlich Form, Farbe und Accessoires nicht von vorn herein klar und es gab nat\u00fcrlich auch F\u00fcrsprecher f\u00fcr die &#8222;alte Uniform&#8220;, nur hier war relativ schnell klar, dass es niemanden mehr gibt, der diese Uniform im Nikki-Stoff zu einem auch nur halbwegs annehmbaren Preis f\u00fcr uns produziert h\u00e4tte. Die ersten Entw\u00fcrfe ver\u00f6ffentliche ich hier lieber nicht und wer den FZ kennt wei\u00df, dass emotional diskutiert wurde. <a href=\"http:\/\/www.fischerkleidung.de\/\" target=\"_blank\">Mit der Fa. Fischer (Schwarzwald) <\/a>hatten wir einen Profibegleiter in Sachen Uniform aber vor allem k\u00f6nnen wir bei den Profis nachbestellen oder \u00e4ndern lassen.<\/p>\n<p style=\"text-align: justify;\"><a href=\"https:\/\/www.fanfarenzug-rielasingen-arlen.de\/wordpress\/wp-content\/uploads\/2016\/04\/DSC03231-X-1.jpg\"><img loading=\"lazy\" decoding=\"async\" class=\"alignright size-medium wp-image-2072\" src=\"https:\/\/www.fanfarenzug-rielasingen-arlen.de\/wordpress\/wp-content\/uploads\/2016\/04\/DSC03231-X-1-300x169.jpg\" alt=\"DSC03231-X (1)\" width=\"300\" height=\"169\" srcset=\"https:\/\/www.fanfarenzug-rielasingen-arlen.de\/wordpress\/wp-content\/uploads\/2016\/04\/DSC03231-X-1-300x169.jpg 300w, https:\/\/www.fanfarenzug-rielasingen-arlen.de\/wordpress\/wp-content\/uploads\/2016\/04\/DSC03231-X-1-768x432.jpg 768w, https:\/\/www.fanfarenzug-rielasingen-arlen.de\/wordpress\/wp-content\/uploads\/2016\/04\/DSC03231-X-1.jpg 800w\" sizes=\"auto, (max-width: 300px) 100vw, 300px\" \/><\/a>Funktionell, widerstandsf\u00e4hig und in den &#8222;alten&#8220; Farben. So stellt sich die Uniform dar. Es ist \u00fcbrigens die erste Uniform f\u00fcr Blas- u. Schlagwerk. Den meisten wird es nicht aufgefallen sein, dass wir seit Jahrzehnten zwei unterschiedliche Landsknechtuniformen hatten. Anstatt Kutte nun eine Jacke mit Badischen Kn\u00f6pfen und auch zum ersten Mal tr\u00e4gt der Fanfarenzug G\u00fcrtel.\u00a0 Hose und Hutform blieben unver\u00e4ndert. Letzterer befindet sich noch in Produktion und wird die kommenden Wochen an die Mitglieder ausgegeben. Endlich \u00fcberall Taschen !!!. Die Investitionen sind aber noch lange nicht zu Ende, neben neuen Gurten und Fellen f\u00fcr die Trommler, muss auch das eine oder andere Instrument getauscht oder neu angeschafft werden. Bei nahezu 40 Mitgliedern immer eine kostenintensive Sache. Daher freuen wir uns immer wieder \u00fcber G\u00e4ste, die unseren <a href=\"http:\/\/www.proriwo.de\/pages\/termine.php\" target=\"_blank\">Stand am Museumbahnfest (07.05.16\/Bahnhof Rielasingen)<\/a> oder unsere &#8222;symbadische Hockete&#8220; am 14.05 &#8211; 15.05.2016 im Schulhof der Hebelschule in Arlen besuchen.<\/p>\n<p style=\"text-align: justify;\"><a href=\"https:\/\/www.fanfarenzug-rielasingen-arlen.de\/wordpress\/wp-content\/uploads\/2016\/04\/DSC03231-X-3.jpg\"><img loading=\"lazy\" decoding=\"async\" class=\"size-medium wp-image-2074 alignleft\" src=\"https:\/\/www.fanfarenzug-rielasingen-arlen.de\/wordpress\/wp-content\/uploads\/2016\/04\/DSC03231-X-3-300x169.jpg\" alt=\"DSC03231-X (3)\" width=\"300\" height=\"169\" srcset=\"https:\/\/www.fanfarenzug-rielasingen-arlen.de\/wordpress\/wp-content\/uploads\/2016\/04\/DSC03231-X-3-300x169.jpg 300w, https:\/\/www.fanfarenzug-rielasingen-arlen.de\/wordpress\/wp-content\/uploads\/2016\/04\/DSC03231-X-3-768x432.jpg 768w, https:\/\/www.fanfarenzug-rielasingen-arlen.de\/wordpress\/wp-content\/uploads\/2016\/04\/DSC03231-X-3.jpg 800w\" sizes=\"auto, (max-width: 300px) 100vw, 300px\" \/><\/a>Bevor hier jedoch die Arbeit wieder losgeht, freuen wir uns auf die kommenden Auftritte in Singen\/Htw. zum Vatertagsauftakt <a href=\"http:\/\/www.poppele-fz.de\/termine\/\" target=\"_blank\">des Popple Fanfarenzuges<\/a>, <a href=\"http:\/\/www.fanfarenzug-stadt-aach.de\/index.html\">dem Stadfest in Aach<\/a>, <a href=\"http:\/\/www.2016.feuerwehr-singen.de\/veranstaltungen\/1-singener-tattoo-18-juni.html\" target=\"_blank\">dem Higlight des Jahres, dem 1. Singener Tattoo<\/a>, dem <a href=\"http:\/\/mv-rielasingen-arlen.de\/\" target=\"_blank\">Waldfest in Rielasingen<\/a> und und und&#8230;..Die Termine stehen auf der Startseite.<\/p>\n<p style=\"text-align: justify;\">Hier noch einmal ein Dankesch\u00f6n an alle, wirklich alle, die das Projekt &#8222;Neue Uniform&#8220; f\u00fcr uns erst m\u00f6glich gemacht haben.<\/p>\n<p style=\"text-align: justify;\"><a href=\"http:\/\/www.wochenblatt.net\/heute\/artikel-suche\/artikel-einzelansicht\/article\/neue-uniformen-beim-fanfarenzug-rielasingen-arlen.html\" target=\"_blank\">Zum Presseartikel Wochenblatt&#8230;<\/a><\/p>\n","protected":false},"excerpt":{"rendered":"<p>Am Samstag, 23.04.2016 war es nun soweit. Die neue Uniform des Fanfarenzuges Rielasingen-Arlen konnte am Rathaus in Rielasingen-Worblingen offiziell vorgestellt werden. Neben dem B\u00fcrgermeister Ralf Baumert konnten neben dem Hauptsponsor, <a href=\"https:\/\/www.fanfarenzug-rielasingen-arlen.de\/wordpress\/fz-rielasingen-arlen-neue-uniform-offiziell-vorgestellt\/\" class=\"more-link\">[&hellip;]<\/a><\/p>\n","protected":false},"author":2,"featured_media":0,"comment_status":"closed","ping_status":"closed","sticky":false,"template":"","format":"standard","meta":{"_crdt_document":"","ngg_post_thumbnail":0,"Layout":"","footnotes":""},"categories":[6],"tags":[17,24,18,23],"class_list":["entry","author-tambour","post-2044","post","type-post","status-publish","format-standard","category-aktuelles-zum-fanfarenzug","tag-fanfarenzug","tag-fanfarenzug-rielasingen-arlen-1962-e-v","tag-rielasingen","tag-rielasingen-worblingen"],"_links":{"self":[{"href":"https:\/\/www.fanfarenzug-rielasingen-arlen.de\/wordpress\/wp-json\/wp\/v2\/posts\/2044","targetHints":{"allow":["GET"]}}],"collection":[{"href":"https:\/\/www.fanfarenzug-rielasingen-arlen.de\/wordpress\/wp-json\/wp\/v2\/posts"}],"about":[{"href":"https:\/\/www.fanfarenzug-rielasingen-arlen.de\/wordpress\/wp-json\/wp\/v2\/types\/post"}],"author":[{"embeddable":true,"href":"https:\/\/www.fanfarenzug-rielasingen-arlen.de\/wordpress\/wp-json\/wp\/v2\/users\/2"}],"replies":[{"embeddable":true,"href":"https:\/\/www.fanfarenzug-rielasingen-arlen.de\/wordpress\/wp-json\/wp\/v2\/comments?post=2044"}],"version-history":[{"count":22,"href":"https:\/\/www.fanfarenzug-rielasingen-arlen.de\/wordpress\/wp-json\/wp\/v2\/posts\/2044\/revisions"}],"predecessor-version":[{"id":2225,"href":"https:\/\/www.fanfarenzug-rielasingen-arlen.de\/wordpress\/wp-json\/wp\/v2\/posts\/2044\/revisions\/2225"}],"wp:attachment":[{"href":"https:\/\/www.fanfarenzug-rielasingen-arlen.de\/wordpress\/wp-json\/wp\/v2\/media?parent=2044"}],"wp:term":[{"taxonomy":"category","embeddable":true,"href":"https:\/\/www.fanfarenzug-rielasingen-arlen.de\/wordpress\/wp-json\/wp\/v2\/categories?post=2044"},{"taxonomy":"post_tag","embeddable":true,"href":"https:\/\/www.fanfarenzug-rielasingen-arlen.de\/wordpress\/wp-json\/wp\/v2\/tags?post=2044"}],"curies":[{"name":"wp","href":"https:\/\/api.w.org\/{rel}","templated":true}]}}