{"id":2251,"date":"2016-05-15T08:36:39","date_gmt":"2016-05-15T06:36:39","guid":{"rendered":"http:\/\/fanfarenzug-rielasingen-arlen.de\/wordpress\/?p=2251"},"modified":"2016-05-15T08:38:18","modified_gmt":"2016-05-15T06:38:18","slug":"symbadische-hockete-abgesagt","status":"publish","type":"post","link":"https:\/\/www.fanfarenzug-rielasingen-arlen.de\/wordpress\/symbadische-hockete-abgesagt\/","title":{"rendered":"Symbadische Hockete abgesagt&#8230;."},"content":{"rendered":"<p style=\"text-align: justify;\"><a href=\"https:\/\/www.fanfarenzug-rielasingen-arlen.de\/wordpress\/wp-content\/uploads\/2015\/12\/Hockete-ABGESAGT.jpg\"><img loading=\"lazy\" decoding=\"async\" class=\"size-medium wp-image-2232 alignleft\" src=\"https:\/\/www.fanfarenzug-rielasingen-arlen.de\/wordpress\/wp-content\/uploads\/2015\/12\/Hockete-ABGESAGT-212x300.jpg\" alt=\"Hockete ABGESAGT!\" width=\"212\" height=\"300\" srcset=\"https:\/\/www.fanfarenzug-rielasingen-arlen.de\/wordpress\/wp-content\/uploads\/2015\/12\/Hockete-ABGESAGT-212x300.jpg 212w, https:\/\/www.fanfarenzug-rielasingen-arlen.de\/wordpress\/wp-content\/uploads\/2015\/12\/Hockete-ABGESAGT-353x500.jpg 353w, https:\/\/www.fanfarenzug-rielasingen-arlen.de\/wordpress\/wp-content\/uploads\/2015\/12\/Hockete-ABGESAGT.jpg 678w\" sizes=\"auto, (max-width: 212px) 100vw, 212px\" \/><\/a>Zum allerersten Mal mussten wir unsere j\u00e4hrlich stattfindende &#8222;symbadische Hockete&#8220; absagen. Ein Disaster wenn man \u00fcberlegt wieviel Zeit und M\u00fche wir bereits im Vorfeld zur Planung u. Durchf\u00fchrung aufgebracht haben. Alle waren vorbereitet, die eingeladenen Z\u00fcge, Musikvereine und nat\u00fcrlich haben sich auch unsere G\u00e4ste bereits auf das Fest gefreut.<\/p>\n<p style=\"text-align: justify;\">Was sollen wir sagen&#8230;.keinem ist es schwerer gefallen das Fest abzusagen als uns selber. Hinzu kommt noch, dass wir uns in einem finanziell angespannten Jahr befinden , wir sprachen ja schon \u00fcber die neuen Uniformen, und jeder Ausfall die Situation nicht besser macht.<\/p>\n<p style=\"text-align: justify;\">Betrachtet man die Wetterkapriolen retro, war die Entscheidung richtig. Die immer wiederkehrenden Schauer und vor allem niedrigen Temperaturen lassen sich an der\u00a0 Fest\u00f6rtlichkeit nicht auffangen und wenn doch, dann nur mit nicht im Verh\u00e4ltnis stehendem Aufwand. Wir wissen nat\u00fcrlich, dass jeder vorbeigekommen w\u00e4re :)&#8230;aber lange geblieben w\u00e4re er sicher nicht. Lange Rede kurzer Sinn, es tut uns nat\u00fcrlich leid und \u00e4gert uns. Aber wer uns kennt wei\u00df, dass wir auch bei sowas den Kopf nicht in den Sand stecken, sondern den Kopf lieber nach oben recken, um nach neuen M\u00f6glichkeiten f\u00fcr dieses Jahr Ausschau zu halten.<\/p>\n<p style=\"text-align: justify;\">Bis zum n\u00e4chsten Jahr, Euer FZ<\/p>\n","protected":false},"excerpt":{"rendered":"<p>Zum allerersten Mal mussten wir unsere j\u00e4hrlich stattfindende &#8222;symbadische Hockete&#8220; absagen. Ein Disaster wenn man \u00fcberlegt wieviel Zeit und M\u00fche wir bereits im Vorfeld zur Planung u. Durchf\u00fchrung aufgebracht haben. <a href=\"https:\/\/www.fanfarenzug-rielasingen-arlen.de\/wordpress\/symbadische-hockete-abgesagt\/\" class=\"more-link\">[&hellip;]<\/a><\/p>\n","protected":false},"author":2,"featured_media":2232,"comment_status":"closed","ping_status":"closed","sticky":false,"template":"","format":"standard","meta":{"_crdt_document":"","ngg_post_thumbnail":0,"Layout":"","footnotes":""},"categories":[6],"tags":[],"class_list":["entry","author-tambour","post-2251","post","type-post","status-publish","format-standard","has-post-thumbnail","category-aktuelles-zum-fanfarenzug"],"_links":{"self":[{"href":"https:\/\/www.fanfarenzug-rielasingen-arlen.de\/wordpress\/wp-json\/wp\/v2\/posts\/2251","targetHints":{"allow":["GET"]}}],"collection":[{"href":"https:\/\/www.fanfarenzug-rielasingen-arlen.de\/wordpress\/wp-json\/wp\/v2\/posts"}],"about":[{"href":"https:\/\/www.fanfarenzug-rielasingen-arlen.de\/wordpress\/wp-json\/wp\/v2\/types\/post"}],"author":[{"embeddable":true,"href":"https:\/\/www.fanfarenzug-rielasingen-arlen.de\/wordpress\/wp-json\/wp\/v2\/users\/2"}],"replies":[{"embeddable":true,"href":"https:\/\/www.fanfarenzug-rielasingen-arlen.de\/wordpress\/wp-json\/wp\/v2\/comments?post=2251"}],"version-history":[{"count":2,"href":"https:\/\/www.fanfarenzug-rielasingen-arlen.de\/wordpress\/wp-json\/wp\/v2\/posts\/2251\/revisions"}],"predecessor-version":[{"id":2253,"href":"https:\/\/www.fanfarenzug-rielasingen-arlen.de\/wordpress\/wp-json\/wp\/v2\/posts\/2251\/revisions\/2253"}],"wp:featuredmedia":[{"embeddable":true,"href":"https:\/\/www.fanfarenzug-rielasingen-arlen.de\/wordpress\/wp-json\/wp\/v2\/media\/2232"}],"wp:attachment":[{"href":"https:\/\/www.fanfarenzug-rielasingen-arlen.de\/wordpress\/wp-json\/wp\/v2\/media?parent=2251"}],"wp:term":[{"taxonomy":"category","embeddable":true,"href":"https:\/\/www.fanfarenzug-rielasingen-arlen.de\/wordpress\/wp-json\/wp\/v2\/categories?post=2251"},{"taxonomy":"post_tag","embeddable":true,"href":"https:\/\/www.fanfarenzug-rielasingen-arlen.de\/wordpress\/wp-json\/wp\/v2\/tags?post=2251"}],"curies":[{"name":"wp","href":"https:\/\/api.w.org\/{rel}","templated":true}]}}