{"id":2320,"date":"2016-06-11T09:48:48","date_gmt":"2016-06-11T07:48:48","guid":{"rendered":"http:\/\/fanfarenzug-rielasingen-arlen.de\/wordpress\/?p=2320"},"modified":"2016-06-11T09:54:21","modified_gmt":"2016-06-11T07:54:21","slug":"fz-rielasingen-arlen-waldfest","status":"publish","type":"post","link":"https:\/\/www.fanfarenzug-rielasingen-arlen.de\/wordpress\/fz-rielasingen-arlen-waldfest\/","title":{"rendered":"Auftritt am Waldfest Rielasingen"},"content":{"rendered":"<p style=\"text-align: left;\"><a href=\"https:\/\/www.fanfarenzug-rielasingen-arlen.de\/wordpress\/wp-content\/uploads\/2016\/06\/DSC03298_Page.jpg\" target=\"_blank\"><img loading=\"lazy\" decoding=\"async\" class=\"size-medium wp-image-2321 alignleft\" src=\"https:\/\/www.fanfarenzug-rielasingen-arlen.de\/wordpress\/wp-content\/uploads\/2016\/06\/DSC03298_Page-300x169.jpg\" alt=\"FZ Rielasingen-Arlen Waldfest\" width=\"300\" height=\"169\" srcset=\"https:\/\/www.fanfarenzug-rielasingen-arlen.de\/wordpress\/wp-content\/uploads\/2016\/06\/DSC03298_Page-300x169.jpg 300w, https:\/\/www.fanfarenzug-rielasingen-arlen.de\/wordpress\/wp-content\/uploads\/2016\/06\/DSC03298_Page-768x431.jpg 768w, https:\/\/www.fanfarenzug-rielasingen-arlen.de\/wordpress\/wp-content\/uploads\/2016\/06\/DSC03298_Page-890x500.jpg 890w, https:\/\/www.fanfarenzug-rielasingen-arlen.de\/wordpress\/wp-content\/uploads\/2016\/06\/DSC03298_Page.jpg 922w\" sizes=\"auto, (max-width: 300px) 100vw, 300px\" \/><\/a>Immer wieder ein Genu\u00df bei unseren Freunden des Musikvereines Rielasingen-Arlen aufzuspielen und dann noch bei dem Traumwetter. Wir dr\u00fccken die Daumen, das das Wetter die kommenden Tage auch h\u00e4lt&#8230;und vielen Dank nochmal f\u00fcr die hervorragende Logistik&#8230;.<\/p>\n","protected":false},"excerpt":{"rendered":"<p>Immer wieder ein Genu\u00df bei unseren Freunden des Musikvereines Rielasingen-Arlen aufzuspielen und dann noch bei dem Traumwetter. Wir dr\u00fccken die Daumen, das das Wetter die kommenden Tage auch h\u00e4lt&#8230;und vielen <a href=\"https:\/\/www.fanfarenzug-rielasingen-arlen.de\/wordpress\/fz-rielasingen-arlen-waldfest\/\" class=\"more-link\">[&hellip;]<\/a><\/p>\n","protected":false},"author":2,"featured_media":0,"comment_status":"closed","ping_status":"closed","sticky":false,"template":"","format":"standard","meta":{"_crdt_document":"","ngg_post_thumbnail":0,"Layout":"","footnotes":""},"categories":[6],"tags":[29],"class_list":["entry","author-tambour","post-2320","post","type-post","status-publish","format-standard","category-aktuelles-zum-fanfarenzug","tag-fz-rielasingen-arlen-waldfest"],"_links":{"self":[{"href":"https:\/\/www.fanfarenzug-rielasingen-arlen.de\/wordpress\/wp-json\/wp\/v2\/posts\/2320","targetHints":{"allow":["GET"]}}],"collection":[{"href":"https:\/\/www.fanfarenzug-rielasingen-arlen.de\/wordpress\/wp-json\/wp\/v2\/posts"}],"about":[{"href":"https:\/\/www.fanfarenzug-rielasingen-arlen.de\/wordpress\/wp-json\/wp\/v2\/types\/post"}],"author":[{"embeddable":true,"href":"https:\/\/www.fanfarenzug-rielasingen-arlen.de\/wordpress\/wp-json\/wp\/v2\/users\/2"}],"replies":[{"embeddable":true,"href":"https:\/\/www.fanfarenzug-rielasingen-arlen.de\/wordpress\/wp-json\/wp\/v2\/comments?post=2320"}],"version-history":[{"count":4,"href":"https:\/\/www.fanfarenzug-rielasingen-arlen.de\/wordpress\/wp-json\/wp\/v2\/posts\/2320\/revisions"}],"predecessor-version":[{"id":2329,"href":"https:\/\/www.fanfarenzug-rielasingen-arlen.de\/wordpress\/wp-json\/wp\/v2\/posts\/2320\/revisions\/2329"}],"wp:attachment":[{"href":"https:\/\/www.fanfarenzug-rielasingen-arlen.de\/wordpress\/wp-json\/wp\/v2\/media?parent=2320"}],"wp:term":[{"taxonomy":"category","embeddable":true,"href":"https:\/\/www.fanfarenzug-rielasingen-arlen.de\/wordpress\/wp-json\/wp\/v2\/categories?post=2320"},{"taxonomy":"post_tag","embeddable":true,"href":"https:\/\/www.fanfarenzug-rielasingen-arlen.de\/wordpress\/wp-json\/wp\/v2\/tags?post=2320"}],"curies":[{"name":"wp","href":"https:\/\/api.w.org\/{rel}","templated":true}]}}