{"id":2929,"date":"2017-03-01T17:50:13","date_gmt":"2017-03-01T15:50:13","guid":{"rendered":"http:\/\/fanfarenzug-rielasingen-arlen.de\/wordpress\/?p=2929"},"modified":"2017-03-01T17:50:13","modified_gmt":"2017-03-01T15:50:13","slug":"das-wars-fasnet-2017-erfolgreich-beendet","status":"publish","type":"post","link":"https:\/\/www.fanfarenzug-rielasingen-arlen.de\/wordpress\/das-wars-fasnet-2017-erfolgreich-beendet\/","title":{"rendered":"Das wars&#8230;.Fasnet 2017 erfolgreich beendet&#8230;"},"content":{"rendered":"<p style=\"text-align: justify;\"><a href=\"https:\/\/www.fanfarenzug-rielasingen-arlen.de\/wordpress\/wp-content\/uploads\/2017\/03\/16507861_1703688483295077_3124593801686132602_n.jpg\"><img loading=\"lazy\" decoding=\"async\" class=\" wp-image-2935 alignleft\" src=\"https:\/\/www.fanfarenzug-rielasingen-arlen.de\/wordpress\/wp-content\/uploads\/2017\/03\/16507861_1703688483295077_3124593801686132602_n-150x150.jpg\" alt=\"\" width=\"170\" height=\"170\"><\/a>Was waren das wieder f\u00fcr 4 Wochen&#8230;war wieder alles drin.<\/p>\n<p style=\"text-align: justify;\">Vier mal Narrenspiele, Umz\u00fcge, ein paar Auftritte zwischendurch und nat\u00fcrlich die hei\u00dfe Phase ab SchmoDo mit Teilnahm<a href=\"https:\/\/www.fanfarenzug-rielasingen-arlen.de\/wordpress\/wp-content\/uploads\/2017\/03\/IMG_8926.jpg\"><img loading=\"lazy\" decoding=\"async\" class=\" wp-image-2940 alignright\" src=\"https:\/\/www.fanfarenzug-rielasingen-arlen.de\/wordpress\/wp-content\/uploads\/2017\/03\/IMG_8926-300x214.jpg\" alt=\"\" width=\"368\" height=\"262\" srcset=\"https:\/\/www.fanfarenzug-rielasingen-arlen.de\/wordpress\/wp-content\/uploads\/2017\/03\/IMG_8926-300x214.jpg 300w, https:\/\/www.fanfarenzug-rielasingen-arlen.de\/wordpress\/wp-content\/uploads\/2017\/03\/IMG_8926.jpg 700w\" sizes=\"auto, (max-width: 368px) 100vw, 368px\" \/><\/a>e an den Umz\u00fcgen in der Gemeinde, der Teilnahme am n\u00e4rrischen Jahrmarkt und Umzug in Singen am Samstag, dem Umzug am Fasnetssonntag in Arlen und dem Abschlu\u00dftag am Montag mit der Umzugsteilnahme in Gottmadingen u. Abschlu\u00dfspiel in der Talwiesenhalle beim NV Arlen.<\/p>\n<p style=\"text-align: justify;\"><a href=\"https:\/\/www.fanfarenzug-rielasingen-arlen.de\/wordpress\/wp-content\/uploads\/2017\/03\/16508741_1703688309961761_4236271234754651124_n.jpg\"><img loading=\"lazy\" decoding=\"async\" class=\"alignleft wp-image-2936 \" src=\"https:\/\/www.fanfarenzug-rielasingen-arlen.de\/wordpress\/wp-content\/uploads\/2017\/03\/16508741_1703688309961761_4236271234754651124_n-150x150.jpg\" width=\"172\" height=\"172\"><\/a>Glaubt man gar nicht wie schnell die Zeit vergeht. Nat\u00fcrlich haben wir auch wieder zwei Rekorde gebrochen, der Erste war ein singender FZler an den Narrenspielen (besser eine Sie) und vollz\u00e4hlige Teilnahme alle FZler am Fasnets Samstagsumzug in Singen (sieht gut aus mit 40).<\/p>\n<p style=\"text-align: justify;\">Insgesamt waren wir mit der Fasnet wieder sehr zufrieden und hoffen ihr ward es auch.<\/p>\n<p style=\"text-align: justify;\">So ein FZ macht nach der Fasnet kurz mal Pause und bereitet sich dann wieder ab Mitte M\u00e4rz auf die Sommersaison vor. Auch hier stehen wieder <a href=\"https:\/\/www.fanfarenzug-rielasingen-arlen.de\/wordpress\/wp-content\/uploads\/2017\/03\/schulhof_2.jpg\"><img loading=\"lazy\" decoding=\"async\" class=\" wp-image-2934 alignright\" src=\"https:\/\/www.fanfarenzug-rielasingen-arlen.de\/wordpress\/wp-content\/uploads\/2017\/03\/schulhof_2-300x199.jpg\" alt=\"\" width=\"280\" height=\"186\" srcset=\"https:\/\/www.fanfarenzug-rielasingen-arlen.de\/wordpress\/wp-content\/uploads\/2017\/03\/schulhof_2-300x199.jpg 300w, https:\/\/www.fanfarenzug-rielasingen-arlen.de\/wordpress\/wp-content\/uploads\/2017\/03\/schulhof_2-768x508.jpg 768w, https:\/\/www.fanfarenzug-rielasingen-arlen.de\/wordpress\/wp-content\/uploads\/2017\/03\/schulhof_2-755x500.jpg 755w, https:\/\/www.fanfarenzug-rielasingen-arlen.de\/wordpress\/wp-content\/uploads\/2017\/03\/schulhof_2-272x182.jpg 272w, https:\/\/www.fanfarenzug-rielasingen-arlen.de\/wordpress\/wp-content\/uploads\/2017\/03\/schulhof_2.jpg 1000w\" sizes=\"auto, (max-width: 280px) 100vw, 280px\" \/><\/a>einige Events bei befreundeten Vereinen an.<\/p>\n<p style=\"text-align: justify;\">Beim Tambour gl\u00fcht schon wieder der Kopf&#8230;.was mach\u00e4 ma au 2018&#8230;der ganz normal Wahnsinn eben.<\/p>\n<p style=\"text-align: justify;\"><a href=\"https:\/\/www.fanfarenzug-rielasingen-arlen.de\/wordpress\/wp-content\/uploads\/2017\/03\/k-DSC_0007.jpg\"><img loading=\"lazy\" decoding=\"async\" class=\"size-medium wp-image-2941 alignleft\" src=\"https:\/\/www.fanfarenzug-rielasingen-arlen.de\/wordpress\/wp-content\/uploads\/2017\/03\/k-DSC_0007-300x199.jpg\" alt=\"\" width=\"300\" height=\"199\" srcset=\"https:\/\/www.fanfarenzug-rielasingen-arlen.de\/wordpress\/wp-content\/uploads\/2017\/03\/k-DSC_0007-300x199.jpg 300w, https:\/\/www.fanfarenzug-rielasingen-arlen.de\/wordpress\/wp-content\/uploads\/2017\/03\/k-DSC_0007-768x508.jpg 768w, https:\/\/www.fanfarenzug-rielasingen-arlen.de\/wordpress\/wp-content\/uploads\/2017\/03\/k-DSC_0007-1024x678.jpg 1024w, https:\/\/www.fanfarenzug-rielasingen-arlen.de\/wordpress\/wp-content\/uploads\/2017\/03\/k-DSC_0007-756x500.jpg 756w, https:\/\/www.fanfarenzug-rielasingen-arlen.de\/wordpress\/wp-content\/uploads\/2017\/03\/k-DSC_0007.jpg 1280w\" sizes=\"auto, (max-width: 300px) 100vw, 300px\" \/><\/a>Wir m\u00f6chten uns aber auch bei Euch allen Bedanken&#8230;bei denen die uns immer so tatkr\u00e4ftig auf der B\u00fchne unterst\u00fctzen, die uns einfach mal einen Ausgeben&#8230;die die uns hinter den Theken bedienen, die&nbsp; f\u00fcr unser leibliches Wohl sorgen und nat\u00fcrlich bei denen, die f\u00fcr die auch mal stressigen Narrentage verantwortlich zeichnen.<\/p>\n<p style=\"text-align: justify;\">Wir hoffen, dass wir Euch bei den kommenden Events in Nah u. Fern demn\u00e4chst wiedersehn.<\/p>\n<p>&nbsp;<\/p>\n<p>Es gr\u00fc\u00dft<\/p>\n<p>T-Andi<\/p>\n<p><a href=\"https:\/\/www.fanfarenzug-rielasingen-arlen.de\/wordpress\/wp-content\/uploads\/2017\/03\/k-DSC_0053.jpg\"><img loading=\"lazy\" decoding=\"async\" class=\"aligncenter size-large wp-image-2933\" src=\"https:\/\/www.fanfarenzug-rielasingen-arlen.de\/wordpress\/wp-content\/uploads\/2017\/03\/k-DSC_0053-1024x678.jpg\" alt=\"\" width=\"1024\" height=\"678\" srcset=\"https:\/\/www.fanfarenzug-rielasingen-arlen.de\/wordpress\/wp-content\/uploads\/2017\/03\/k-DSC_0053-1024x678.jpg 1024w, https:\/\/www.fanfarenzug-rielasingen-arlen.de\/wordpress\/wp-content\/uploads\/2017\/03\/k-DSC_0053-300x199.jpg 300w, https:\/\/www.fanfarenzug-rielasingen-arlen.de\/wordpress\/wp-content\/uploads\/2017\/03\/k-DSC_0053-768x508.jpg 768w, https:\/\/www.fanfarenzug-rielasingen-arlen.de\/wordpress\/wp-content\/uploads\/2017\/03\/k-DSC_0053-756x500.jpg 756w, https:\/\/www.fanfarenzug-rielasingen-arlen.de\/wordpress\/wp-content\/uploads\/2017\/03\/k-DSC_0053.jpg 1280w\" sizes=\"auto, (max-width: 1024px) 100vw, 1024px\" \/><\/a><\/p>\n","protected":false},"excerpt":{"rendered":"<p>Was waren das wieder f\u00fcr 4 Wochen&#8230;war wieder alles drin. Vier mal Narrenspiele, Umz\u00fcge, ein paar Auftritte zwischendurch und nat\u00fcrlich die hei\u00dfe Phase ab SchmoDo mit Teilnahme an den Umz\u00fcgen <a href=\"https:\/\/www.fanfarenzug-rielasingen-arlen.de\/wordpress\/das-wars-fasnet-2017-erfolgreich-beendet\/\" class=\"more-link\">[&hellip;]<\/a><\/p>\n","protected":false},"author":2,"featured_media":0,"comment_status":"closed","ping_status":"closed","sticky":false,"template":"","format":"standard","meta":{"_crdt_document":"","ngg_post_thumbnail":0,"Layout":"","footnotes":""},"categories":[6],"tags":[],"class_list":["entry","author-tambour","post-2929","post","type-post","status-publish","format-standard","category-aktuelles-zum-fanfarenzug"],"_links":{"self":[{"href":"https:\/\/www.fanfarenzug-rielasingen-arlen.de\/wordpress\/wp-json\/wp\/v2\/posts\/2929","targetHints":{"allow":["GET"]}}],"collection":[{"href":"https:\/\/www.fanfarenzug-rielasingen-arlen.de\/wordpress\/wp-json\/wp\/v2\/posts"}],"about":[{"href":"https:\/\/www.fanfarenzug-rielasingen-arlen.de\/wordpress\/wp-json\/wp\/v2\/types\/post"}],"author":[{"embeddable":true,"href":"https:\/\/www.fanfarenzug-rielasingen-arlen.de\/wordpress\/wp-json\/wp\/v2\/users\/2"}],"replies":[{"embeddable":true,"href":"https:\/\/www.fanfarenzug-rielasingen-arlen.de\/wordpress\/wp-json\/wp\/v2\/comments?post=2929"}],"version-history":[{"count":8,"href":"https:\/\/www.fanfarenzug-rielasingen-arlen.de\/wordpress\/wp-json\/wp\/v2\/posts\/2929\/revisions"}],"predecessor-version":[{"id":2948,"href":"https:\/\/www.fanfarenzug-rielasingen-arlen.de\/wordpress\/wp-json\/wp\/v2\/posts\/2929\/revisions\/2948"}],"wp:attachment":[{"href":"https:\/\/www.fanfarenzug-rielasingen-arlen.de\/wordpress\/wp-json\/wp\/v2\/media?parent=2929"}],"wp:term":[{"taxonomy":"category","embeddable":true,"href":"https:\/\/www.fanfarenzug-rielasingen-arlen.de\/wordpress\/wp-json\/wp\/v2\/categories?post=2929"},{"taxonomy":"post_tag","embeddable":true,"href":"https:\/\/www.fanfarenzug-rielasingen-arlen.de\/wordpress\/wp-json\/wp\/v2\/tags?post=2929"}],"curies":[{"name":"wp","href":"https:\/\/api.w.org\/{rel}","templated":true}]}}