{"id":3263,"date":"2017-09-09T08:14:13","date_gmt":"2017-09-09T06:14:13","guid":{"rendered":"http:\/\/fanfarenzug-rielasingen-arlen.de\/wordpress\/?p=3263"},"modified":"2017-09-09T09:32:23","modified_gmt":"2017-09-09T07:32:23","slug":"eroeffnung-waldfest-des-musikverein-rielasingen-arlen","status":"publish","type":"post","link":"https:\/\/www.fanfarenzug-rielasingen-arlen.de\/wordpress\/eroeffnung-waldfest-des-musikverein-rielasingen-arlen\/","title":{"rendered":"16.06.2017 Er\u00f6ffnung Waldfest des Musikverein Rielasingen-Arlen&#8230;."},"content":{"rendered":"<p style=\"text-align: justify;\"><a href=\"https:\/\/www.fanfarenzug-rielasingen-arlen.de\/wordpress\/wp-content\/uploads\/2017\/09\/1-Fanfarenzug-Rielasingen-Arlen-1962-e.V.2.jpg\"><img loading=\"lazy\" decoding=\"async\" class=\"size-medium wp-image-3264 alignleft\" src=\"https:\/\/www.fanfarenzug-rielasingen-arlen.de\/wordpress\/wp-content\/uploads\/2017\/09\/1-Fanfarenzug-Rielasingen-Arlen-1962-e.V.2-300x231.jpg\" alt=\"\" width=\"300\" height=\"231\" srcset=\"https:\/\/www.fanfarenzug-rielasingen-arlen.de\/wordpress\/wp-content\/uploads\/2017\/09\/1-Fanfarenzug-Rielasingen-Arlen-1962-e.V.2-300x231.jpg 300w, https:\/\/www.fanfarenzug-rielasingen-arlen.de\/wordpress\/wp-content\/uploads\/2017\/09\/1-Fanfarenzug-Rielasingen-Arlen-1962-e.V.2-768x590.jpg 768w, https:\/\/www.fanfarenzug-rielasingen-arlen.de\/wordpress\/wp-content\/uploads\/2017\/09\/1-Fanfarenzug-Rielasingen-Arlen-1962-e.V.2-650x500.jpg 650w, https:\/\/www.fanfarenzug-rielasingen-arlen.de\/wordpress\/wp-content\/uploads\/2017\/09\/1-Fanfarenzug-Rielasingen-Arlen-1962-e.V.2.jpg 852w\" sizes=\"auto, (max-width: 300px) 100vw, 300px\" \/><\/a>Immer wieder gerne&#8230;.wir er\u00f6ffnen das Waldfest in Rielasingen&#8230;beim <a href=\"http:\/\/www.mv-rielasingen-arlen.de\/\">MV Rielasingen-Arlen<\/a> und nat\u00fcrlich hat unser Helmut u. Bernd immer ein paar Sp\u00e4sschen im <span class=\"_Tgc\">Repertoire&#8230;.dachte immer das heisst Schnaidholz&#8230;.aber seis drum, sie werden schon wissen was sie tun \ud83d\ude09 &#8230;wir freuen uns schon auf die kommenden&#8230;.wilden Tage&#8230;.<br \/>\n<\/span><\/p>\n","protected":false},"excerpt":{"rendered":"<p>Immer wieder gerne&#8230;.wir er\u00f6ffnen das Waldfest in Rielasingen&#8230;beim MV Rielasingen-Arlen und nat\u00fcrlich hat unser Helmut u. Bernd immer ein paar Sp\u00e4sschen im Repertoire&#8230;.dachte immer das heisst Schnaidholz&#8230;.aber seis drum, sie <a href=\"https:\/\/www.fanfarenzug-rielasingen-arlen.de\/wordpress\/eroeffnung-waldfest-des-musikverein-rielasingen-arlen\/\" class=\"more-link\">[&hellip;]<\/a><\/p>\n","protected":false},"author":2,"featured_media":0,"comment_status":"closed","ping_status":"closed","sticky":false,"template":"","format":"standard","meta":{"_crdt_document":"","ngg_post_thumbnail":0,"Layout":"","footnotes":""},"categories":[6],"tags":[19,17,39,40,23,41,42],"class_list":["entry","author-tambour","post-3263","post","type-post","status-publish","format-standard","category-aktuelles-zum-fanfarenzug","tag-arlen","tag-fanfarenzug","tag-musikverein","tag-rielasingen-arlen","tag-rielasingen-worblingen","tag-schnaidholz","tag-waldfest"],"_links":{"self":[{"href":"https:\/\/www.fanfarenzug-rielasingen-arlen.de\/wordpress\/wp-json\/wp\/v2\/posts\/3263","targetHints":{"allow":["GET"]}}],"collection":[{"href":"https:\/\/www.fanfarenzug-rielasingen-arlen.de\/wordpress\/wp-json\/wp\/v2\/posts"}],"about":[{"href":"https:\/\/www.fanfarenzug-rielasingen-arlen.de\/wordpress\/wp-json\/wp\/v2\/types\/post"}],"author":[{"embeddable":true,"href":"https:\/\/www.fanfarenzug-rielasingen-arlen.de\/wordpress\/wp-json\/wp\/v2\/users\/2"}],"replies":[{"embeddable":true,"href":"https:\/\/www.fanfarenzug-rielasingen-arlen.de\/wordpress\/wp-json\/wp\/v2\/comments?post=3263"}],"version-history":[{"count":5,"href":"https:\/\/www.fanfarenzug-rielasingen-arlen.de\/wordpress\/wp-json\/wp\/v2\/posts\/3263\/revisions"}],"predecessor-version":[{"id":3288,"href":"https:\/\/www.fanfarenzug-rielasingen-arlen.de\/wordpress\/wp-json\/wp\/v2\/posts\/3263\/revisions\/3288"}],"wp:attachment":[{"href":"https:\/\/www.fanfarenzug-rielasingen-arlen.de\/wordpress\/wp-json\/wp\/v2\/media?parent=3263"}],"wp:term":[{"taxonomy":"category","embeddable":true,"href":"https:\/\/www.fanfarenzug-rielasingen-arlen.de\/wordpress\/wp-json\/wp\/v2\/categories?post=3263"},{"taxonomy":"post_tag","embeddable":true,"href":"https:\/\/www.fanfarenzug-rielasingen-arlen.de\/wordpress\/wp-json\/wp\/v2\/tags?post=3263"}],"curies":[{"name":"wp","href":"https:\/\/api.w.org\/{rel}","templated":true}]}}