{"id":3271,"date":"2017-09-09T09:15:01","date_gmt":"2017-09-09T07:15:01","guid":{"rendered":"http:\/\/fanfarenzug-rielasingen-arlen.de\/wordpress\/?p=3271"},"modified":"2018-03-08T21:12:26","modified_gmt":"2018-03-08T19:12:26","slug":"07-07-09-07-2017-dienstreise-wuerzburg","status":"publish","type":"post","link":"https:\/\/www.fanfarenzug-rielasingen-arlen.de\/wordpress\/07-07-09-07-2017-dienstreise-wuerzburg\/","title":{"rendered":"07.07 &#8211; 09.07.2017 Dienstreise W\u00fcrzburg"},"content":{"rendered":"<p style=\"text-align: justify;\"><a href=\"https:\/\/www.fanfarenzug-rielasingen-arlen.de\/wordpress\/wp-content\/uploads\/2017\/09\/1778673_gallery-detail_1poeeQ_CPgjeQ.jpg\"><img loading=\"lazy\" decoding=\"async\" class=\"size-medium wp-image-3272 alignleft\" src=\"https:\/\/www.fanfarenzug-rielasingen-arlen.de\/wordpress\/wp-content\/uploads\/2017\/09\/1778673_gallery-detail_1poeeQ_CPgjeQ-300x200.jpg\" alt=\"\" height=\"200\" width=\"300\" srcset=\"https:\/\/www.fanfarenzug-rielasingen-arlen.de\/wordpress\/wp-content\/uploads\/2017\/09\/1778673_gallery-detail_1poeeQ_CPgjeQ-300x200.jpg 300w, https:\/\/www.fanfarenzug-rielasingen-arlen.de\/wordpress\/wp-content\/uploads\/2017\/09\/1778673_gallery-detail_1poeeQ_CPgjeQ-768x512.jpg 768w, https:\/\/www.fanfarenzug-rielasingen-arlen.de\/wordpress\/wp-content\/uploads\/2017\/09\/1778673_gallery-detail_1poeeQ_CPgjeQ-750x500.jpg 750w, https:\/\/www.fanfarenzug-rielasingen-arlen.de\/wordpress\/wp-content\/uploads\/2017\/09\/1778673_gallery-detail_1poeeQ_CPgjeQ-272x182.jpg 272w, https:\/\/www.fanfarenzug-rielasingen-arlen.de\/wordpress\/wp-content\/uploads\/2017\/09\/1778673_gallery-detail_1poeeQ_CPgjeQ.jpg 960w\" sizes=\"auto, (max-width: 300px) 100vw, 300px\" \/><\/a>Zur allj\u00e4hrlichen Dienstreise ging es im Jahr 2017 nach W\u00fcrzburg&#8230;.neben nur Kiliani, nennen wir es K\u00fcr, bei all den Bayrischen Spezialit\u00e4ten, gabs nat\u00fcrlich auch eine Pflichtveranstaltung, der gro\u00dfe Festumzug durch W\u00fcrzburg. Wer schon mal ein paar Kilometer bei Sonnenschein zur\u00fcckgelegt hat, sollte dies mal in einer gef\u00fchlt 50 kg schweren Landsknechtuniform tun. Nat\u00fcrlich wurde auch der Umzugsweg immer l\u00e4nger u. manche sprachen von ca. 15 Kilometer, was nat\u00fcrlich leicht <a href=\"https:\/\/www.fanfarenzug-rielasingen-arlen.de\/wordpress\/wp-content\/uploads\/2017\/09\/IMG_0195.jpg\"><img loading=\"lazy\" decoding=\"async\" class=\"size-medium wp-image-3274 alignright\" src=\"https:\/\/www.fanfarenzug-rielasingen-arlen.de\/wordpress\/wp-content\/uploads\/2017\/09\/IMG_0195-300x200.jpg\" alt=\"\" height=\"200\" width=\"300\" srcset=\"https:\/\/www.fanfarenzug-rielasingen-arlen.de\/wordpress\/wp-content\/uploads\/2017\/09\/IMG_0195-300x200.jpg 300w, https:\/\/www.fanfarenzug-rielasingen-arlen.de\/wordpress\/wp-content\/uploads\/2017\/09\/IMG_0195-768x512.jpg 768w, https:\/\/www.fanfarenzug-rielasingen-arlen.de\/wordpress\/wp-content\/uploads\/2017\/09\/IMG_0195-1024x682.jpg 1024w, https:\/\/www.fanfarenzug-rielasingen-arlen.de\/wordpress\/wp-content\/uploads\/2017\/09\/IMG_0195-750x500.jpg 750w, https:\/\/www.fanfarenzug-rielasingen-arlen.de\/wordpress\/wp-content\/uploads\/2017\/09\/IMG_0195-272x182.jpg 272w, https:\/\/www.fanfarenzug-rielasingen-arlen.de\/wordpress\/wp-content\/uploads\/2017\/09\/IMG_0195.jpg 1280w\" sizes=\"auto, (max-width: 300px) 100vw, 300px\" \/><\/a>\u00fcbertrieben war. War anstrengend, hat aber Spass gemacht&#8230;.was macht Vanessa eigentlich singend mit einer Gieskanne am Umzug ???&#8230;R\u00e4tsel \u00fcber R\u00e4tsel&#8230;.einiges wird dem Tambour immer unbegreiflich bleiben&#8230;&#8230;<\/p>\n<p style=\"text-align: justify;\">Nicht zu vergessen unseren Freundeskreis, der uns w\u00e4hrend dem Umzug betreute u. bei vielen das nackte \u00dcberleben gesichert hatte. Insgesamt wieder einmal ein runder Ausflug den unsere Schriftf\u00fchrerin Silke hervorragend vorbereitet hatte&#8230;.dann sind wir ja mal gespannt was 2018 kommt&#8230;<\/p>\n","protected":false},"excerpt":{"rendered":"<p>Zur allj\u00e4hrlichen Dienstreise ging es im Jahr 2017 nach W\u00fcrzburg&#8230;.neben nur Kiliani, nennen wir es K\u00fcr, bei all den Bayrischen Spezialit\u00e4ten, gabs nat\u00fcrlich auch eine Pflichtveranstaltung, der gro\u00dfe Festumzug durch <a href=\"https:\/\/www.fanfarenzug-rielasingen-arlen.de\/wordpress\/07-07-09-07-2017-dienstreise-wuerzburg\/\" class=\"more-link\">[&hellip;]<\/a><\/p>\n","protected":false},"author":2,"featured_media":0,"comment_status":"closed","ping_status":"closed","sticky":false,"template":"","format":"standard","meta":{"_crdt_document":"","ngg_post_thumbnail":0,"Layout":"","footnotes":""},"categories":[6],"tags":[19,17,39,40,23],"class_list":["entry","author-tambour","post-3271","post","type-post","status-publish","format-standard","category-aktuelles-zum-fanfarenzug","tag-arlen","tag-fanfarenzug","tag-musikverein","tag-rielasingen-arlen","tag-rielasingen-worblingen"],"_links":{"self":[{"href":"https:\/\/www.fanfarenzug-rielasingen-arlen.de\/wordpress\/wp-json\/wp\/v2\/posts\/3271","targetHints":{"allow":["GET"]}}],"collection":[{"href":"https:\/\/www.fanfarenzug-rielasingen-arlen.de\/wordpress\/wp-json\/wp\/v2\/posts"}],"about":[{"href":"https:\/\/www.fanfarenzug-rielasingen-arlen.de\/wordpress\/wp-json\/wp\/v2\/types\/post"}],"author":[{"embeddable":true,"href":"https:\/\/www.fanfarenzug-rielasingen-arlen.de\/wordpress\/wp-json\/wp\/v2\/users\/2"}],"replies":[{"embeddable":true,"href":"https:\/\/www.fanfarenzug-rielasingen-arlen.de\/wordpress\/wp-json\/wp\/v2\/comments?post=3271"}],"version-history":[{"count":5,"href":"https:\/\/www.fanfarenzug-rielasingen-arlen.de\/wordpress\/wp-json\/wp\/v2\/posts\/3271\/revisions"}],"predecessor-version":[{"id":3323,"href":"https:\/\/www.fanfarenzug-rielasingen-arlen.de\/wordpress\/wp-json\/wp\/v2\/posts\/3271\/revisions\/3323"}],"wp:attachment":[{"href":"https:\/\/www.fanfarenzug-rielasingen-arlen.de\/wordpress\/wp-json\/wp\/v2\/media?parent=3271"}],"wp:term":[{"taxonomy":"category","embeddable":true,"href":"https:\/\/www.fanfarenzug-rielasingen-arlen.de\/wordpress\/wp-json\/wp\/v2\/categories?post=3271"},{"taxonomy":"post_tag","embeddable":true,"href":"https:\/\/www.fanfarenzug-rielasingen-arlen.de\/wordpress\/wp-json\/wp\/v2\/tags?post=3271"}],"curies":[{"name":"wp","href":"https:\/\/api.w.org\/{rel}","templated":true}]}}