{"id":3296,"date":"2017-09-09T09:46:57","date_gmt":"2017-09-09T07:46:57","guid":{"rendered":"http:\/\/fanfarenzug-rielasingen-arlen.de\/wordpress\/?p=3296"},"modified":"2018-03-08T21:12:04","modified_gmt":"2018-03-08T19:12:04","slug":"30-08-2017-sommerpause-beendet-saisonvorbereitung","status":"publish","type":"post","link":"https:\/\/www.fanfarenzug-rielasingen-arlen.de\/wordpress\/30-08-2017-sommerpause-beendet-saisonvorbereitung\/","title":{"rendered":"30.08.2017 Sommerpause beendet \/ Saisonvorbereitung"},"content":{"rendered":"<p style=\"text-align: justify;\">&#8230;vor der Sommerpause ist nach der Sommerpause&#8230;.<\/p>\n<p style=\"text-align: justify;\">Es beginnt f\u00fcr den FZ der 2. Saisonabschnitt&#8230;mit vielen vielen Highlights.<\/p>\n<p style=\"text-align: justify;\">Wir starten am 09.09.2017 mit einem Auftritt beim<a href=\"http:\/\/www.fanfarenzug-radolfzell.de\/\"> FZ Radolfzell Narizella Ratoldi<\/a> anl\u00e4sslich ihres j\u00e4hrlichen Oktoberfestes das um und im Zunfthaus stattfindet. Dieses Fest gilt f\u00fcr uns auch immer als Startschuss in die 2. Saisonh\u00e4lfte, darum nehmen wir auch j\u00e4hrlich teil.&nbsp; Die Ventile laufen noch schwer, der &#8222;neue Marsch&#8220; steckt in den Kinderschuhen u. auch der Rhythmus schaut noch etwas verschlafen drein&#8230;&#8230;..werden wir \u00e4ndern.<\/p>\n<p style=\"text-align: justify;\">Seid gespannt&#8230;..<\/p>\n","protected":false},"excerpt":{"rendered":"<p>&#8230;vor der Sommerpause ist nach der Sommerpause&#8230;. Es beginnt f\u00fcr den FZ der 2. Saisonabschnitt&#8230;mit vielen vielen Highlights. Wir starten am 09.09.2017 mit einem Auftritt beim FZ Radolfzell Narizella Ratoldi <a href=\"https:\/\/www.fanfarenzug-rielasingen-arlen.de\/wordpress\/30-08-2017-sommerpause-beendet-saisonvorbereitung\/\" class=\"more-link\">[&hellip;]<\/a><\/p>\n","protected":false},"author":2,"featured_media":0,"comment_status":"closed","ping_status":"closed","sticky":false,"template":"","format":"standard","meta":{"_crdt_document":"","ngg_post_thumbnail":0,"Layout":"","footnotes":""},"categories":[6],"tags":[19,17,39,40,23],"class_list":["entry","author-tambour","post-3296","post","type-post","status-publish","format-standard","category-aktuelles-zum-fanfarenzug","tag-arlen","tag-fanfarenzug","tag-musikverein","tag-rielasingen-arlen","tag-rielasingen-worblingen"],"_links":{"self":[{"href":"https:\/\/www.fanfarenzug-rielasingen-arlen.de\/wordpress\/wp-json\/wp\/v2\/posts\/3296","targetHints":{"allow":["GET"]}}],"collection":[{"href":"https:\/\/www.fanfarenzug-rielasingen-arlen.de\/wordpress\/wp-json\/wp\/v2\/posts"}],"about":[{"href":"https:\/\/www.fanfarenzug-rielasingen-arlen.de\/wordpress\/wp-json\/wp\/v2\/types\/post"}],"author":[{"embeddable":true,"href":"https:\/\/www.fanfarenzug-rielasingen-arlen.de\/wordpress\/wp-json\/wp\/v2\/users\/2"}],"replies":[{"embeddable":true,"href":"https:\/\/www.fanfarenzug-rielasingen-arlen.de\/wordpress\/wp-json\/wp\/v2\/comments?post=3296"}],"version-history":[{"count":4,"href":"https:\/\/www.fanfarenzug-rielasingen-arlen.de\/wordpress\/wp-json\/wp\/v2\/posts\/3296\/revisions"}],"predecessor-version":[{"id":3300,"href":"https:\/\/www.fanfarenzug-rielasingen-arlen.de\/wordpress\/wp-json\/wp\/v2\/posts\/3296\/revisions\/3300"}],"wp:attachment":[{"href":"https:\/\/www.fanfarenzug-rielasingen-arlen.de\/wordpress\/wp-json\/wp\/v2\/media?parent=3296"}],"wp:term":[{"taxonomy":"category","embeddable":true,"href":"https:\/\/www.fanfarenzug-rielasingen-arlen.de\/wordpress\/wp-json\/wp\/v2\/categories?post=3296"},{"taxonomy":"post_tag","embeddable":true,"href":"https:\/\/www.fanfarenzug-rielasingen-arlen.de\/wordpress\/wp-json\/wp\/v2\/tags?post=3296"}],"curies":[{"name":"wp","href":"https:\/\/api.w.org\/{rel}","templated":true}]}}