{"id":3338,"date":"2017-11-18T09:16:41","date_gmt":"2017-11-18T07:16:41","guid":{"rendered":"http:\/\/fanfarenzug-rielasingen-arlen.de\/wordpress\/?p=3338"},"modified":"2018-03-08T21:11:43","modified_gmt":"2018-03-08T19:11:43","slug":"generalversammlung-2017-mit-neuwahlen","status":"publish","type":"post","link":"https:\/\/www.fanfarenzug-rielasingen-arlen.de\/wordpress\/generalversammlung-2017-mit-neuwahlen\/","title":{"rendered":"Generalversammlung 2017 mit Neuwahlen"},"content":{"rendered":"<p><img loading=\"lazy\" decoding=\"async\" class=\" wp-image-3339 alignleft\" src=\"https:\/\/www.fanfarenzug-rielasingen-arlen.de\/wordpress\/wp-content\/uploads\/2017\/11\/37779849924_26ec44ae08_k-300x169.jpg\" alt=\"\" width=\"334\" height=\"188\" srcset=\"https:\/\/www.fanfarenzug-rielasingen-arlen.de\/wordpress\/wp-content\/uploads\/2017\/11\/37779849924_26ec44ae08_k-300x169.jpg 300w, https:\/\/www.fanfarenzug-rielasingen-arlen.de\/wordpress\/wp-content\/uploads\/2017\/11\/37779849924_26ec44ae08_k-768x432.jpg 768w, https:\/\/www.fanfarenzug-rielasingen-arlen.de\/wordpress\/wp-content\/uploads\/2017\/11\/37779849924_26ec44ae08_k-1024x576.jpg 1024w, https:\/\/www.fanfarenzug-rielasingen-arlen.de\/wordpress\/wp-content\/uploads\/2017\/11\/37779849924_26ec44ae08_k-889x500.jpg 889w, https:\/\/www.fanfarenzug-rielasingen-arlen.de\/wordpress\/wp-content\/uploads\/2017\/11\/37779849924_26ec44ae08_k.jpg 2048w\" sizes=\"auto, (max-width: 334px) 100vw, 334px\" \/>Full House im Hotel Krone zur Generalversammlung mit Neuwahlen.<\/p>\n<p>Nachdem das Hotel Krone Team, von der Mitgliederanzahl des Fanfarenzuges etwas \u00fcberrascht, noch entsprechende Tische nachgeliefert hatte, konnte im voll besetzen Kronensaal das Spektakel beginnen. Wie alle zwei Jahre mit Neuwahlen.<\/p>\n<p>Einen ausf\u00fchrlichen Bericht hierzu gibt es die n\u00e4chsten Tage. Vorab, nach geheimer Wahl wurde die gesch\u00e4ftsf\u00fchrende Vorstandschaft unver\u00e4ndert best\u00e4tigt. Lediglich in der erweiterten Vorstandschaft gab es \u00c4nderungen, \u00fcber die in den n\u00e4chsten Tagen noch ausf\u00fchrlich berichtet wird.<\/p>\n","protected":false},"excerpt":{"rendered":"<p>Full House im Hotel Krone zur Generalversammlung mit Neuwahlen. Nachdem das Hotel Krone Team, von der Mitgliederanzahl des Fanfarenzuges etwas \u00fcberrascht, noch entsprechende Tische nachgeliefert hatte, konnte im voll besetzen <a href=\"https:\/\/www.fanfarenzug-rielasingen-arlen.de\/wordpress\/generalversammlung-2017-mit-neuwahlen\/\" class=\"more-link\">[&hellip;]<\/a><\/p>\n","protected":false},"author":2,"featured_media":0,"comment_status":"closed","ping_status":"closed","sticky":false,"template":"","format":"standard","meta":{"_crdt_document":"","ngg_post_thumbnail":0,"Layout":"","footnotes":""},"categories":[6],"tags":[19,17,39,40,23],"class_list":["entry","author-tambour","post-3338","post","type-post","status-publish","format-standard","category-aktuelles-zum-fanfarenzug","tag-arlen","tag-fanfarenzug","tag-musikverein","tag-rielasingen-arlen","tag-rielasingen-worblingen"],"_links":{"self":[{"href":"https:\/\/www.fanfarenzug-rielasingen-arlen.de\/wordpress\/wp-json\/wp\/v2\/posts\/3338","targetHints":{"allow":["GET"]}}],"collection":[{"href":"https:\/\/www.fanfarenzug-rielasingen-arlen.de\/wordpress\/wp-json\/wp\/v2\/posts"}],"about":[{"href":"https:\/\/www.fanfarenzug-rielasingen-arlen.de\/wordpress\/wp-json\/wp\/v2\/types\/post"}],"author":[{"embeddable":true,"href":"https:\/\/www.fanfarenzug-rielasingen-arlen.de\/wordpress\/wp-json\/wp\/v2\/users\/2"}],"replies":[{"embeddable":true,"href":"https:\/\/www.fanfarenzug-rielasingen-arlen.de\/wordpress\/wp-json\/wp\/v2\/comments?post=3338"}],"version-history":[{"count":2,"href":"https:\/\/www.fanfarenzug-rielasingen-arlen.de\/wordpress\/wp-json\/wp\/v2\/posts\/3338\/revisions"}],"predecessor-version":[{"id":3341,"href":"https:\/\/www.fanfarenzug-rielasingen-arlen.de\/wordpress\/wp-json\/wp\/v2\/posts\/3338\/revisions\/3341"}],"wp:attachment":[{"href":"https:\/\/www.fanfarenzug-rielasingen-arlen.de\/wordpress\/wp-json\/wp\/v2\/media?parent=3338"}],"wp:term":[{"taxonomy":"category","embeddable":true,"href":"https:\/\/www.fanfarenzug-rielasingen-arlen.de\/wordpress\/wp-json\/wp\/v2\/categories?post=3338"},{"taxonomy":"post_tag","embeddable":true,"href":"https:\/\/www.fanfarenzug-rielasingen-arlen.de\/wordpress\/wp-json\/wp\/v2\/tags?post=3338"}],"curies":[{"name":"wp","href":"https:\/\/api.w.org\/{rel}","templated":true}]}}