{"id":3346,"date":"2017-12-10T08:07:50","date_gmt":"2017-12-10T06:07:50","guid":{"rendered":"http:\/\/fanfarenzug-rielasingen-arlen.de\/wordpress\/?p=3346"},"modified":"2018-03-08T21:11:06","modified_gmt":"2018-03-08T19:11:06","slug":"ausfuehrlicher-bericht-zur-generalversammlung","status":"publish","type":"post","link":"https:\/\/www.fanfarenzug-rielasingen-arlen.de\/wordpress\/ausfuehrlicher-bericht-zur-generalversammlung\/","title":{"rendered":"Ausf\u00fchrlicher Bericht zur Generalversammlung"},"content":{"rendered":"<p><a href=\"https:\/\/www.fanfarenzug-rielasingen-arlen.de\/wordpress\/wp-content\/uploads\/2017\/12\/2017_Aktuelle-Vorstandschaft.jpg\"><img loading=\"lazy\" decoding=\"async\" class=\" wp-image-3347 alignleft\" src=\"https:\/\/www.fanfarenzug-rielasingen-arlen.de\/wordpress\/wp-content\/uploads\/2017\/12\/2017_Aktuelle-Vorstandschaft-300x212.jpg\" alt=\"\" width=\"350\" height=\"247\" srcset=\"https:\/\/www.fanfarenzug-rielasingen-arlen.de\/wordpress\/wp-content\/uploads\/2017\/12\/2017_Aktuelle-Vorstandschaft-300x212.jpg 300w, https:\/\/www.fanfarenzug-rielasingen-arlen.de\/wordpress\/wp-content\/uploads\/2017\/12\/2017_Aktuelle-Vorstandschaft-768x543.jpg 768w, https:\/\/www.fanfarenzug-rielasingen-arlen.de\/wordpress\/wp-content\/uploads\/2017\/12\/2017_Aktuelle-Vorstandschaft-1024x724.jpg 1024w, https:\/\/www.fanfarenzug-rielasingen-arlen.de\/wordpress\/wp-content\/uploads\/2017\/12\/2017_Aktuelle-Vorstandschaft-708x500.jpg 708w, https:\/\/www.fanfarenzug-rielasingen-arlen.de\/wordpress\/wp-content\/uploads\/2017\/12\/2017_Aktuelle-Vorstandschaft.jpg 1772w\" sizes=\"auto, (max-width: 350px) 100vw, 350px\" \/><\/a><strong><u>Jahreshauptversammlung Fanfarenzug Rielasingen-Arlen 1962 e.V<\/u><\/strong><\/p>\n<p>Fanfarenzug auf Erfolgsspur &#8211; Neuwahlen best\u00e4tigen die Vorstandschaft<\/p>\n<p style=\"text-align: justify;\"><strong>Rielasingen-Arlen<\/strong> \u2013 Am Freitag den 17.11.2017, f\u00fchrte der Fanfarenzug Rielasingen-Arlen, seine diesj\u00e4hrige Jahreshauptversammlung im Gasthaus Krone in Rielasingen durch. Im voll besetzten Saal, konnten neben dem Vertreter des B\u00fcrgermeisters Karl-Heinz M\u00f6hrle, verschiedene Vereinsvertreter durch den Vorstand Roland Zimmermann begr\u00fc\u00dft werden. Nach kurzer Darstellung des erfolgreichen Vereinsjahres lie\u00df der Tambourmajor Andreas Herzog das Jahr aus musikalischer Sicht Revue passieren. Mit derzeit 40 aktiven Mitgliedern h\u00e4lt man die hohe Anzahl der Mitglieder im Verein, was in der heutigen Zeit nicht selbstverst\u00e4ndlich ist. Dies spricht f\u00fcr eine sehr gute Vereinsharmonie, was auch an den gemischten Altersgruppen zu erkennen ist. Trotz der hohen Mitgliederanzahl gab er aber zu bedenken, dass man die Nachwuchswerbung nicht aus den Augen verlieren d\u00fcrfe. Einen weiteren Schwerpunkt legte er auf die musikalische Qualit\u00e4t des Vereines, diese w\u00e4re nur durch entsprechende Registerproben zu halten. Er dankte der Vorstandschaft und allen Mitgliedern f\u00fcr die tolle Unterst\u00fctzung.<\/p>\n<p style=\"text-align: justify;\">Nach Entlastung der Vorstandschaft durch Karl-Heinz M\u00f6hrle, der noch den Dank des B\u00fcrgermeisters \u00fcbermittelte und den gesamten Verein f\u00fcr seine hervorragende Leistung begl\u00fcckw\u00fcnschte, wurde die Vorstandschaft neu gew\u00e4hlt. Durch die Wahl wurden alle Posten mit bereits routinierten, aber auch neuen Mitgliedern besetzt.<\/p>\n<p style=\"text-align: justify;\">In der Vorausschau des wiedergew\u00e4hlten 1. Tambour-Major Andreas Herzog wurden auch wieder die Highlights des kommenden Jahres 2018 dargestellt. Hier sind neben einem Probewochenende, ein Jahresausflug und zahlreiche Auftritte in der Gemeinde, sowie bei befreundeten Vereinen, fest eingeplant. Die Vorbereitungen f\u00fcr die kommende Fastnacht laufen auf Hochtouren, hier hoffe er auf einen starken, motivierten Verein.<\/p>\n<p style=\"text-align: justify;\">Durch den Vorstand Roland Zimmermann wurde dann noch auf die vereinseigene Veranstaltung \u201esymbadische Hockete\u201c eingegangen, die 2018 an einem neuen Veranstaltungsort wiederbelebt werden solle. Zu sp\u00e4ter Stunde konnte die Versammlung dann geschlossen werden.<\/p>\n<p style=\"text-align: justify;\">Interessierte k\u00f6nnen sich unter&nbsp;<a href=\"http:\/\/www.fanfarenzug-rielasingen-arlen.de\/\">www.fanfarenzug-rielasingen-arlen.de<\/a>&nbsp;n\u00e4her \u00fcber den Verein informieren.<\/p>\n<p style=\"text-align: justify;\">\u2013\u2013\u2013\u2013\u2013\u2013<\/p>\n<p style=\"text-align: justify;\">FRANK&nbsp; HERZOG<\/p>\n<p style=\"text-align: justify;\"><em>Die Vorstandschaft des Fanfarenzug Rielasingen-Arlen<\/em><\/p>\n<p style=\"text-align: justify;\"><em>&nbsp;<\/em><strong>Gesch\u00e4ftsf\u00fchrende Vorstandschaft:<\/strong><\/p>\n<ol style=\"text-align: justify;\">\n<li>Vorstand Roland Zimmermann, 2. Vorstand Thomas Kazmierczak, 1. Tambourmajor Andreas Herzog,<\/li>\n<li>Kassier Kerstin Schorpp, Protokoll und Pressewart Frank Herzog, Zeugwart Matthias Thau,<\/li>\n<\/ol>\n<p style=\"text-align: justify;\">Schriftf\u00fchrerin Silke Hettich<\/p>\n<p style=\"text-align: justify;\"><strong>Erweiterte Vorstandschaft:<\/strong><\/p>\n<ol style=\"text-align: justify;\" start=\"2\">\n<li>Kassiererin Jennifer Rudolph, <strong>Stimmf\u00fchrer:<\/strong> Bl\u00e4ser Jennifer Rudolph, Marschtrommler Frank Herzog,<\/li>\n<\/ol>\n<p style=\"text-align: justify;\">Ausbilder Thomas Leschinski, Vertrauensperson Saskia Wei\u00df<\/p>\n","protected":false},"excerpt":{"rendered":"<p>Jahreshauptversammlung Fanfarenzug Rielasingen-Arlen 1962 e.V Fanfarenzug auf Erfolgsspur &#8211; Neuwahlen best\u00e4tigen die Vorstandschaft Rielasingen-Arlen \u2013 Am Freitag den 17.11.2017, f\u00fchrte der Fanfarenzug Rielasingen-Arlen, seine diesj\u00e4hrige Jahreshauptversammlung im Gasthaus Krone in <a href=\"https:\/\/www.fanfarenzug-rielasingen-arlen.de\/wordpress\/ausfuehrlicher-bericht-zur-generalversammlung\/\" class=\"more-link\">[&hellip;]<\/a><\/p>\n","protected":false},"author":2,"featured_media":0,"comment_status":"closed","ping_status":"closed","sticky":false,"template":"","format":"standard","meta":{"_crdt_document":"","ngg_post_thumbnail":0,"Layout":"","footnotes":""},"categories":[6],"tags":[19,17,39,40,23],"class_list":["entry","author-tambour","post-3346","post","type-post","status-publish","format-standard","category-aktuelles-zum-fanfarenzug","tag-arlen","tag-fanfarenzug","tag-musikverein","tag-rielasingen-arlen","tag-rielasingen-worblingen"],"_links":{"self":[{"href":"https:\/\/www.fanfarenzug-rielasingen-arlen.de\/wordpress\/wp-json\/wp\/v2\/posts\/3346","targetHints":{"allow":["GET"]}}],"collection":[{"href":"https:\/\/www.fanfarenzug-rielasingen-arlen.de\/wordpress\/wp-json\/wp\/v2\/posts"}],"about":[{"href":"https:\/\/www.fanfarenzug-rielasingen-arlen.de\/wordpress\/wp-json\/wp\/v2\/types\/post"}],"author":[{"embeddable":true,"href":"https:\/\/www.fanfarenzug-rielasingen-arlen.de\/wordpress\/wp-json\/wp\/v2\/users\/2"}],"replies":[{"embeddable":true,"href":"https:\/\/www.fanfarenzug-rielasingen-arlen.de\/wordpress\/wp-json\/wp\/v2\/comments?post=3346"}],"version-history":[{"count":2,"href":"https:\/\/www.fanfarenzug-rielasingen-arlen.de\/wordpress\/wp-json\/wp\/v2\/posts\/3346\/revisions"}],"predecessor-version":[{"id":3351,"href":"https:\/\/www.fanfarenzug-rielasingen-arlen.de\/wordpress\/wp-json\/wp\/v2\/posts\/3346\/revisions\/3351"}],"wp:attachment":[{"href":"https:\/\/www.fanfarenzug-rielasingen-arlen.de\/wordpress\/wp-json\/wp\/v2\/media?parent=3346"}],"wp:term":[{"taxonomy":"category","embeddable":true,"href":"https:\/\/www.fanfarenzug-rielasingen-arlen.de\/wordpress\/wp-json\/wp\/v2\/categories?post=3346"},{"taxonomy":"post_tag","embeddable":true,"href":"https:\/\/www.fanfarenzug-rielasingen-arlen.de\/wordpress\/wp-json\/wp\/v2\/tags?post=3346"}],"curies":[{"name":"wp","href":"https:\/\/api.w.org\/{rel}","templated":true}]}}