{"id":3473,"date":"2018-03-10T11:42:31","date_gmt":"2018-03-10T09:42:31","guid":{"rendered":"http:\/\/fanfarenzug-rielasingen-arlen.de\/wordpress\/?p=3473"},"modified":"2018-03-10T11:48:28","modified_gmt":"2018-03-10T09:48:28","slug":"abgeschlossen","status":"publish","type":"post","link":"https:\/\/www.fanfarenzug-rielasingen-arlen.de\/wordpress\/abgeschlossen\/","title":{"rendered":"Fasnet 2018 erfolgreich abgeschlossen&#8230;."},"content":{"rendered":"<p><a href=\"https:\/\/www.fanfarenzug-rielasingen-arlen.de\/wordpress\/wp-content\/uploads\/2018\/02\/IMG-20180212-WA0145.jpg\" target=\"_blank\" rel=\"noopener\"><img loading=\"lazy\" decoding=\"async\" class=\"alignleft wp-image-3404 size-medium\" src=\"https:\/\/www.fanfarenzug-rielasingen-arlen.de\/wordpress\/wp-content\/uploads\/2018\/02\/IMG-20180212-WA0145-300x225.jpg\" alt=\"\" width=\"300\" height=\"225\" srcset=\"https:\/\/www.fanfarenzug-rielasingen-arlen.de\/wordpress\/wp-content\/uploads\/2018\/02\/IMG-20180212-WA0145-300x225.jpg 300w, https:\/\/www.fanfarenzug-rielasingen-arlen.de\/wordpress\/wp-content\/uploads\/2018\/02\/IMG-20180212-WA0145-768x576.jpg 768w, https:\/\/www.fanfarenzug-rielasingen-arlen.de\/wordpress\/wp-content\/uploads\/2018\/02\/IMG-20180212-WA0145-1024x768.jpg 1024w, https:\/\/www.fanfarenzug-rielasingen-arlen.de\/wordpress\/wp-content\/uploads\/2018\/02\/IMG-20180212-WA0145-175x131.jpg 175w, https:\/\/www.fanfarenzug-rielasingen-arlen.de\/wordpress\/wp-content\/uploads\/2018\/02\/IMG-20180212-WA0145-667x500.jpg 667w, https:\/\/www.fanfarenzug-rielasingen-arlen.de\/wordpress\/wp-content\/uploads\/2018\/02\/IMG-20180212-WA0145.jpg 1280w\" sizes=\"auto, (max-width: 300px) 100vw, 300px\" \/><\/a><\/p>\n<p>Kaum zu glauben wie schnell so eine Fasnet da&#8230;..aber dann auch wieder rum sein kann. Die Fasnetssaison 2018 ist abgeschlossen. Nach aufregenden aber auch anstrengenden Tagen, g\u00f6nnt sich&nbsp; der Fanfarenzug mal 3 Wochen probenfrei, bevor sich bereits die n\u00e4chsten Events ank\u00fcndigen. Schon im April gehts weiter beim <a href=\"https:\/\/www.fanfarenzug-engen.de\/\">Fanfarenzug Engen<\/a> und dem <a href=\"http:\/\/www.singener-fruehlingsfest.de\/\">Fr\u00fchlingsfest in Singen<\/a>. Das sind aber bei weitem nicht alle Termine, bei denen ihr den Fanfarenzug erleben k\u00f6nnt.<\/p>\n<p>Nat\u00fcrlich sind wir auch im Arbeitseinsatz wie z.B. beim Museumsbahnfest 2018 aber auch an unserem eigenen Fest, unserer Symbadischen Hockete, die wir im Jahr 2018 an neuer \u00d6rtlichkeit neu aufleben lassen wollen.<\/p>\n<p>Wir freuen uns auf Euch und wie immer&#8230;.bleibt gespannt<\/p>\n","protected":false},"excerpt":{"rendered":"<p>Kaum zu glauben wie schnell so eine Fasnet da&#8230;..aber dann auch wieder rum sein kann. Die Fasnetssaison 2018 ist abgeschlossen. Nach aufregenden aber auch anstrengenden Tagen, g\u00f6nnt sich&nbsp; der Fanfarenzug <a href=\"https:\/\/www.fanfarenzug-rielasingen-arlen.de\/wordpress\/abgeschlossen\/\" class=\"more-link\">[&hellip;]<\/a><\/p>\n","protected":false},"author":2,"featured_media":3404,"comment_status":"closed","ping_status":"closed","sticky":false,"template":"","format":"standard","meta":{"_crdt_document":"","ngg_post_thumbnail":0,"Layout":"","footnotes":""},"categories":[6],"tags":[54,17,33,55,18],"class_list":["entry","author-tambour","post-3473","post","type-post","status-publish","format-standard","has-post-thumbnail","category-aktuelles-zum-fanfarenzug","tag-54","tag-fanfarenzug","tag-fasnet","tag-gemeinde","tag-rielasingen"],"_links":{"self":[{"href":"https:\/\/www.fanfarenzug-rielasingen-arlen.de\/wordpress\/wp-json\/wp\/v2\/posts\/3473","targetHints":{"allow":["GET"]}}],"collection":[{"href":"https:\/\/www.fanfarenzug-rielasingen-arlen.de\/wordpress\/wp-json\/wp\/v2\/posts"}],"about":[{"href":"https:\/\/www.fanfarenzug-rielasingen-arlen.de\/wordpress\/wp-json\/wp\/v2\/types\/post"}],"author":[{"embeddable":true,"href":"https:\/\/www.fanfarenzug-rielasingen-arlen.de\/wordpress\/wp-json\/wp\/v2\/users\/2"}],"replies":[{"embeddable":true,"href":"https:\/\/www.fanfarenzug-rielasingen-arlen.de\/wordpress\/wp-json\/wp\/v2\/comments?post=3473"}],"version-history":[{"count":4,"href":"https:\/\/www.fanfarenzug-rielasingen-arlen.de\/wordpress\/wp-json\/wp\/v2\/posts\/3473\/revisions"}],"predecessor-version":[{"id":3478,"href":"https:\/\/www.fanfarenzug-rielasingen-arlen.de\/wordpress\/wp-json\/wp\/v2\/posts\/3473\/revisions\/3478"}],"wp:featuredmedia":[{"embeddable":true,"href":"https:\/\/www.fanfarenzug-rielasingen-arlen.de\/wordpress\/wp-json\/wp\/v2\/media\/3404"}],"wp:attachment":[{"href":"https:\/\/www.fanfarenzug-rielasingen-arlen.de\/wordpress\/wp-json\/wp\/v2\/media?parent=3473"}],"wp:term":[{"taxonomy":"category","embeddable":true,"href":"https:\/\/www.fanfarenzug-rielasingen-arlen.de\/wordpress\/wp-json\/wp\/v2\/categories?post=3473"},{"taxonomy":"post_tag","embeddable":true,"href":"https:\/\/www.fanfarenzug-rielasingen-arlen.de\/wordpress\/wp-json\/wp\/v2\/tags?post=3473"}],"curies":[{"name":"wp","href":"https:\/\/api.w.org\/{rel}","templated":true}]}}