{"id":3516,"date":"2018-05-01T06:45:00","date_gmt":"2018-05-01T04:45:00","guid":{"rendered":"http:\/\/fanfarenzug-rielasingen-arlen.de\/wordpress\/?p=3516"},"modified":"2018-05-01T06:50:08","modified_gmt":"2018-05-01T04:50:08","slug":"60jahre-fanfarenzug-engen","status":"publish","type":"post","link":"https:\/\/www.fanfarenzug-rielasingen-arlen.de\/wordpress\/60jahre-fanfarenzug-engen\/","title":{"rendered":"60Jahre Fanfarenzug Engen"},"content":{"rendered":"<p><a href=\"https:\/\/www.fanfarenzug-rielasingen-arlen.de\/wordpress\/wp-content\/uploads\/2018\/05\/DSC_0033_ergebnis.jpg\" target=\"_blank\" rel=\"noopener\"><img loading=\"lazy\" decoding=\"async\" class=\"alignleft wp-image-3519 size-thumbnail\" src=\"https:\/\/www.fanfarenzug-rielasingen-arlen.de\/wordpress\/wp-content\/uploads\/2018\/05\/DSC_0033_ergebnis-150x150.jpg\" alt=\"\" width=\"150\" height=\"150\"><\/a>Und sie haben sich etwas einfallen lassen&#8230;.:)&nbsp; . Bereits im April gings weiter, das zweite FZ Halbjahr konnte starten. Mit einem Besuch beim <a href=\"https:\/\/www.fanfarenzug-engen.de\/\" target=\"_blank\" rel=\"noopener\">Historischen Fanfarenzug <\/a><a href=\"https:\/\/www.fanfarenzug-rielasingen-arlen.de\/wordpress\/wp-content\/uploads\/2018\/05\/DSC_0036_ergebnis.jpg\" target=\"_blank\" rel=\"noopener\"><img loading=\"lazy\" decoding=\"async\" class=\"alignright wp-image-3517 size-thumbnail\" src=\"https:\/\/www.fanfarenzug-rielasingen-arlen.de\/wordpress\/wp-content\/uploads\/2018\/05\/DSC_0036_ergebnis-150x150.jpg\" alt=\"\" width=\"150\" height=\"150\"><\/a><a href=\"https:\/\/www.fanfarenzug-engen.de\/\" target=\"_blank\" rel=\"noopener\">Engen<\/a> wurde die Sommersaison er\u00f6ffnet. Zw\u00f6lf Fanfarenz\u00fcge schl\u00e4ngelten sich durch die malerische Altstadt von Engen um danach zusammen in der Stadthalle abzufeiern. Begleitet wurde das ganze von Nachtw\u00e4chtern aus ganz Baden-W\u00fcrttemberg, die in diesem Zusammenhang ihr j\u00e4hrliches Treffen gefeiert hatten. Eine ganz tolle Idee mit farbenpr\u00e4chtigen Z\u00fcgen u. historischen Nachtw\u00e4chtern.<\/p>\n<p>Bei der anschlie\u00dfenden <a href=\"https:\/\/www.swr.de\/swr1\/bw\/termine\/swr1-disco\/-\/id=446400\/did=13653472\/nid=446400\/f71n2r\/index.html\" target=\"_blank\" rel=\"noopener\">SWR1 Party<\/a> war dann Party angesagt&#8230;.wenn wir eins k\u00f6nnen dann Party und so wurde der Abend mal wieder so richtig abgefeiert.<\/p>\n<p><a href=\"https:\/\/www.fanfarenzug-rielasingen-arlen.de\/wordpress\/wp-content\/uploads\/2018\/05\/12066843_galerie-detail_1qQNAw_7wtSg4.jpg\" target=\"_blank\" rel=\"noopener\"><img loading=\"lazy\" decoding=\"async\" class=\"alignleft wp-image-3518 size-thumbnail\" src=\"https:\/\/www.fanfarenzug-rielasingen-arlen.de\/wordpress\/wp-content\/uploads\/2018\/05\/12066843_galerie-detail_1qQNAw_7wtSg4-150x150.jpg\" alt=\"\" width=\"150\" height=\"150\"><\/a>Ein Dankesch\u00f6n an den Fanfarenzug Engen f\u00fcr die Einladung&#8230;.wir hatten viel Spass :)&#8230;&#8230;und kommen gerne wieder.<\/p>\n<p>&nbsp;<\/p>\n<p>&nbsp;<\/p>\n<p>&nbsp;<\/p>\n<p>&nbsp;<\/p>\n<p>Bilder: <a href=\"https:\/\/www.suedkurier.de\/region\/Engen~bilder\/SWR1-Disco-mit-DJ-Maik-Schieber;cme1367999,12066866\" target=\"_blank\" rel=\"noopener\">S\u00fcdkurier<\/a> und <a href=\"https:\/\/www.wochenblatt.net\/wb-bewegt\/bildergalerien\/2018\/april\/album\/jubilaeumsumzug-des-fanfarenzugs-engen\/\" target=\"_blank\" rel=\"noopener\">Wochenblatt<\/a><\/p>\n","protected":false},"excerpt":{"rendered":"<p>Und sie haben sich etwas einfallen lassen&#8230;.:)&nbsp; . Bereits im April gings weiter, das zweite FZ Halbjahr konnte starten. Mit einem Besuch beim Historischen Fanfarenzug Engen wurde die Sommersaison er\u00f6ffnet. <a href=\"https:\/\/www.fanfarenzug-rielasingen-arlen.de\/wordpress\/60jahre-fanfarenzug-engen\/\" class=\"more-link\">[&hellip;]<\/a><\/p>\n","protected":false},"author":2,"featured_media":0,"comment_status":"closed","ping_status":"closed","sticky":false,"template":"","format":"standard","meta":{"_crdt_document":"","ngg_post_thumbnail":0,"Layout":"","footnotes":""},"categories":[6],"tags":[],"class_list":["entry","author-tambour","post-3516","post","type-post","status-publish","format-standard","category-aktuelles-zum-fanfarenzug"],"_links":{"self":[{"href":"https:\/\/www.fanfarenzug-rielasingen-arlen.de\/wordpress\/wp-json\/wp\/v2\/posts\/3516","targetHints":{"allow":["GET"]}}],"collection":[{"href":"https:\/\/www.fanfarenzug-rielasingen-arlen.de\/wordpress\/wp-json\/wp\/v2\/posts"}],"about":[{"href":"https:\/\/www.fanfarenzug-rielasingen-arlen.de\/wordpress\/wp-json\/wp\/v2\/types\/post"}],"author":[{"embeddable":true,"href":"https:\/\/www.fanfarenzug-rielasingen-arlen.de\/wordpress\/wp-json\/wp\/v2\/users\/2"}],"replies":[{"embeddable":true,"href":"https:\/\/www.fanfarenzug-rielasingen-arlen.de\/wordpress\/wp-json\/wp\/v2\/comments?post=3516"}],"version-history":[{"count":3,"href":"https:\/\/www.fanfarenzug-rielasingen-arlen.de\/wordpress\/wp-json\/wp\/v2\/posts\/3516\/revisions"}],"predecessor-version":[{"id":3522,"href":"https:\/\/www.fanfarenzug-rielasingen-arlen.de\/wordpress\/wp-json\/wp\/v2\/posts\/3516\/revisions\/3522"}],"wp:attachment":[{"href":"https:\/\/www.fanfarenzug-rielasingen-arlen.de\/wordpress\/wp-json\/wp\/v2\/media?parent=3516"}],"wp:term":[{"taxonomy":"category","embeddable":true,"href":"https:\/\/www.fanfarenzug-rielasingen-arlen.de\/wordpress\/wp-json\/wp\/v2\/categories?post=3516"},{"taxonomy":"post_tag","embeddable":true,"href":"https:\/\/www.fanfarenzug-rielasingen-arlen.de\/wordpress\/wp-json\/wp\/v2\/tags?post=3516"}],"curies":[{"name":"wp","href":"https:\/\/api.w.org\/{rel}","templated":true}]}}